{"id":1236,"date":"2020-06-20T09:00:00","date_gmt":"2020-06-20T09:00:00","guid":{"rendered":"https:\/\/www.joinaresearchstudy.com\/?p=1236"},"modified":"2020-10-29T02:11:46","modified_gmt":"2020-10-29T02:11:46","slug":"the-sad-truth-about-covid-19-and-schizophrenia","status":"publish","type":"post","link":"https:\/\/joinaresearchstudy.com\/es\/2020\/06\/20\/the-sad-truth-about-covid-19-and-schizophrenia\/","title":{"rendered":"La triste verdad sobre el COVID-19 y la esquizofrenia"},"content":{"rendered":"<p>Mientras la Organizaci\u00f3n Mundial de la Salud (OMS) y los gobiernos se esfuerzan por aplanar la curva de COVID-19, se ha adoptado un enfoque \u00fanico para la poblaci\u00f3n en general. Para quienes pertenecen a ciertos grupos marginados, como las personas con esquizofrenia y otros trastornos relacionados, estas estrategias pueden ser menos efectivas. La esquizofrenia puede ser impredecible en el mejor de los casos, pero el COVID-19 conlleva un conjunto completamente nuevo de riesgos.<\/p>\n\n\n\n<h2 class=\"wp-block-heading\"><strong>Mayor riesgo y malos resultados<\/strong><\/h2>\n\n\n\n<p>La esquizofrenia y los trastornos relacionados presentan s\u00edntomas de delirios, alucinaciones, comportamiento desorganizado, deterioro cognitivo y falta de percepci\u00f3n. Adem\u00e1s, muchas personas diagnosticadas viven en viviendas colectivas o se encuentran en situaci\u00f3n de calle. Las personas diagnosticadas con esquizofrenia tienen menos probabilidades de adherirse a las medidas de protecci\u00f3n debido a las caracter\u00edsticas de estas afecciones. Cada uno de estos factores las hace m\u00e1s susceptibles a contraer COVID-19.<\/p>\n\n\n\n<p>El tabaquismo es una pr\u00e1ctica frecuente en el 60% de las personas con esquizofrenia, lo que aumenta el riesgo de complicaciones en caso de desarrollar COVID-19. Los medicamentos antipsic\u00f3ticos que se recetan habitualmente, como la clozapina, tambi\u00e9n parecen estar relacionados con la muerte por neumon\u00eda en los coronavirus. Las disparidades en el acceso a la atenci\u00f3n sanitaria y las enfermedades cr\u00f3nicas coexistentes tambi\u00e9n aumentan el riesgo de un pron\u00f3stico desfavorable en caso de infecci\u00f3n.<\/p>\n\n\n\n<h2 class=\"wp-block-heading\"><strong>Impactos del COVID-19 en la salud mental&nbsp;<\/strong><\/h2>\n\n\n\n<div class=\"wp-block-image\"><figure class=\"aligncenter size-large is-resized\"><img fetchpriority=\"high\" decoding=\"async\" src=\"https:\/\/www.joinaresearchstudy.com\/wp-content\/uploads\/2020\/06\/mental-health.jpg\" alt=\"Impacts from COVID-19 on Mental Heath \" class=\"wp-image-1239\" width=\"433\" height=\"268\" srcset=\"https:\/\/joinaresearchstudy.com\/wp-content\/uploads\/2020\/06\/mental-health.jpg 718w, https:\/\/joinaresearchstudy.com\/wp-content\/uploads\/2020\/06\/mental-health-300x186.jpg 300w\" sizes=\"(max-width: 433px) 100vw, 433px\" \/><\/figure><\/div>\n\n\n\n<p>Experimentar una pandemia en primera persona puede afectar negativamente la salud mental de cualquier persona. Quienes padecen esquizofrenia y otros trastornos relacionados se enfrentan a efectos mucho m\u00e1s extremos. El virus COVID-19 y su tratamiento pueden exacerbar las caracter\u00edsticas de estas afecciones. El aislamiento y los tratamientos para la COVID, como los esteroides, se han asociado con una mayor gravedad de los s\u00edntomas y la psicosis.<\/p>\n\n\n\n<p>Estas poblaciones tambi\u00e9n tienden a tener grupos sociales m\u00e1s peque\u00f1os. Si bien les resulta m\u00e1s f\u00e1cil mantener el distanciamiento social, se ven interrumpidos los encuentros casuales en farmacias, supermercados, cafeter\u00edas, etc. El aislamiento y la imposibilidad de acceder a los recursos de la comunidad conllevan la posibilidad de un mayor riesgo de agresi\u00f3n y suicidio.<\/p>\n\n\n\n<h2 class=\"wp-block-heading\"><strong>Hacia d\u00f3nde vamos desde aqu\u00ed<\/strong><\/h2>\n\n\n\n<p>A\u00fan queda mucho por aprender sobre los impactos de la COVID-19 en la salud mental en general, pero tambi\u00e9n en particular en estas poblaciones vulnerables. Si bien puede resultar dif\u00edcil adoptar un enfoque que modifique las medidas de protecci\u00f3n para cada excepci\u00f3n, la verdadera ayuda vendr\u00e1 de quienes brindan atenci\u00f3n a estos pacientes. Mantener las citas regulares (ya sea virtuales o presenciales) y aumentar la atenci\u00f3n entre ellas son algunas recomendaciones para garantizar la continuidad de la atenci\u00f3n y que el tratamiento se mantenga intacto.<\/p>\n\n\n\n<div class=\"wp-block-image\"><figure class=\"aligncenter size-large is-resized\"><img decoding=\"async\" src=\"https:\/\/www.joinaresearchstudy.com\/wp-content\/uploads\/2020\/06\/WRN_Instagram_SchizophreniaInWomen_04JUNE2020_AR-1-1024x1024.png\" alt=\"Women with schizophrenia are diagnosed earlier than men! Find out about upcoming trials!\" class=\"wp-image-1238\" width=\"339\" height=\"339\" srcset=\"https:\/\/joinaresearchstudy.com\/wp-content\/uploads\/2020\/06\/WRN_Instagram_SchizophreniaInWomen_04JUNE2020_AR-1-1024x1024.png 1024w, https:\/\/joinaresearchstudy.com\/wp-content\/uploads\/2020\/06\/WRN_Instagram_SchizophreniaInWomen_04JUNE2020_AR-1-300x300.png 300w, https:\/\/joinaresearchstudy.com\/wp-content\/uploads\/2020\/06\/WRN_Instagram_SchizophreniaInWomen_04JUNE2020_AR-1-150x150.png 150w, https:\/\/joinaresearchstudy.com\/wp-content\/uploads\/2020\/06\/WRN_Instagram_SchizophreniaInWomen_04JUNE2020_AR-1-768x768.png 768w, https:\/\/joinaresearchstudy.com\/wp-content\/uploads\/2020\/06\/WRN_Instagram_SchizophreniaInWomen_04JUNE2020_AR-1.png 1080w\" sizes=\"(max-width: 339px) 100vw, 339px\" \/><\/figure><\/div>\n\n\n\n<p>La investigaci\u00f3n cl\u00ednica nos ayuda a aprender m\u00e1s sobre la esquizofrenia y otras enfermedades relacionadas. Este conocimiento se utiliza luego para mejorar las opciones para quienes reciben el diagn\u00f3stico mediante estudios de investigaci\u00f3n. Los estudios de investigaci\u00f3n cl\u00ednica pueden ser una opci\u00f3n si a usted o a un ser querido se le ha diagnosticado esquizofrenia. Para obtener m\u00e1s informaci\u00f3n sobre nuestros pr\u00f3ximos estudios sobre esquizofrenia, llame al (937) 424-1050 o vis\u00edtenos.&nbsp;<a href=\"https:\/\/joinaresearchstudy.com\/es\/our-research-facilities\/midwest-clinical-research-center\/studies\/#!\/study\/5\" target=\"_blank\" rel=\"noreferrer noopener\">aqu\u00ed<\/a>.<\/p>\n\n\n\n<p><strong>Referencia<\/strong>:<\/p>\n\n\n\n<p><a href=\"https:\/\/academic.oup.com\/schizophreniabulletin\/advance-article\/doi\/10.1093\/schbul\/sbaa051\/5826166#202961619\">https:\/\/academic.oup.com\/schizophreniabulletin\/advance-article\/doi\/10.1093\/schbul\/sbaa051\/5826166#202961619<\/a><\/p>","protected":false},"excerpt":{"rendered":"<p>Mientras la Organizaci\u00f3n Mundial de la Salud (OMS) y los gobiernos se esfuerzan por aplanar la curva de COVID-19, se ha adoptado un enfoque \u00fanico para la poblaci\u00f3n en general. Para quienes pertenecen a ciertos grupos marginados, como las personas con esquizofrenia y otros trastornos relacionados, estas estrategias pueden ser menos efectivas. La esquizofrenia puede ser impredecible en el mejor de los casos, \u2026 <\/p>\n<p class=\"read-more-container\"><a title=\"La triste verdad sobre el COVID-19 y la esquizofrenia\" class=\"read-more button\" href=\"https:\/\/joinaresearchstudy.com\/es\/2020\/06\/20\/the-sad-truth-about-covid-19-and-schizophrenia\/#more-1236\" aria-label=\"Leer m\u00e1s sobre La triste verdad sobre el COVID-19 y la esquizofrenia\">Leer m\u00e1s<\/a><\/p>","protected":false},"author":1,"featured_media":1241,"comment_status":"open","ping_status":"open","sticky":false,"template":"","format":"standard","meta":{"footnotes":""},"categories":[8,7,6,20],"tags":[11,10,22,21],"class_list":["post-1236","post","type-post","status-publish","format-standard","has-post-thumbnail","hentry","category-clinical-trials","category-covid-19","category-mental-health","category-schizophrenia","tag-blog","tag-covid-19","tag-mental-health","tag-schizophrenia","infinite-scroll-item","generate-columns","tablet-grid-50","mobile-grid-100","grid-parent","grid-50"],"yoast_head":"<!-- This site is optimized with the Yoast SEO plugin v27.4 - https:\/\/yoast.com\/product\/yoast-seo-wordpress\/ -->\n<title>The Sad Truth About COVID-19 and Schizophrenia - Evolution Research Group<\/title>\n<meta name=\"description\" content=\"Schizophrenia can be unpredictable in the best of times, but COVID-19 comes with a whole new set of risks.\" \/>\n<meta name=\"robots\" content=\"index, follow, max-snippet:-1, max-image-preview:large, max-video-preview:-1\" \/>\n<link rel=\"canonical\" href=\"https:\/\/joinaresearchstudy.com\/es\/2020\/06\/20\/the-sad-truth-about-covid-19-and-schizophrenia\/\" \/>\n<meta property=\"og:locale\" content=\"es_MX\" \/>\n<meta property=\"og:type\" content=\"article\" \/>\n<meta property=\"og:title\" content=\"The Sad Truth About COVID-19 and Schizophrenia - Evolution Research Group\" \/>\n<meta property=\"og:description\" content=\"Schizophrenia can be unpredictable in the best of times, but COVID-19 comes with a whole new set of risks.\" \/>\n<meta property=\"og:url\" content=\"https:\/\/joinaresearchstudy.com\/es\/2020\/06\/20\/the-sad-truth-about-covid-19-and-schizophrenia\/\" \/>\n<meta property=\"og:site_name\" content=\"Evolution Research Group\" \/>\n<meta property=\"article:published_time\" content=\"2020-06-20T09:00:00+00:00\" \/>\n<meta property=\"article:modified_time\" content=\"2020-10-29T02:11:46+00:00\" \/>\n<meta property=\"og:image\" content=\"https:\/\/joinaresearchstudy.com\/wp-content\/uploads\/2020\/06\/MCR_Facebook_Blog-TheSadTruthAboutCOVID19andSchizophrenia_16JUN2020_PM.png\" \/>\n\t<meta property=\"og:image:width\" content=\"1200\" \/>\n\t<meta property=\"og:image:height\" content=\"630\" \/>\n\t<meta property=\"og:image:type\" content=\"image\/png\" \/>\n<meta name=\"author\" content=\"Imagebloom\" \/>\n<meta name=\"twitter:card\" content=\"summary_large_image\" \/>\n<meta name=\"twitter:label1\" content=\"Escrito por\" \/>\n\t<meta name=\"twitter:data1\" content=\"Imagebloom\" \/>\n\t<meta name=\"twitter:label2\" content=\"Tiempo de lectura\" \/>\n\t<meta name=\"twitter:data2\" content=\"2 minutos\" \/>\n<script type=\"application\/ld+json\" class=\"yoast-schema-graph\">{\"@context\":\"https:\\\/\\\/schema.org\",\"@graph\":[{\"@type\":\"Article\",\"@id\":\"https:\\\/\\\/joinaresearchstudy.com\\\/2020\\\/06\\\/20\\\/the-sad-truth-about-covid-19-and-schizophrenia\\\/#article\",\"isPartOf\":{\"@id\":\"https:\\\/\\\/joinaresearchstudy.com\\\/2020\\\/06\\\/20\\\/the-sad-truth-about-covid-19-and-schizophrenia\\\/\"},\"author\":{\"name\":\"Imagebloom\",\"@id\":\"https:\\\/\\\/joinaresearchstudy.com\\\/#\\\/schema\\\/person\\\/5487be866dea1466c37d446eaad24331\"},\"headline\":\"The Sad Truth About COVID-19 and Schizophrenia\",\"datePublished\":\"2020-06-20T09:00:00+00:00\",\"dateModified\":\"2020-10-29T02:11:46+00:00\",\"mainEntityOfPage\":{\"@id\":\"https:\\\/\\\/joinaresearchstudy.com\\\/2020\\\/06\\\/20\\\/the-sad-truth-about-covid-19-and-schizophrenia\\\/\"},\"wordCount\":448,\"commentCount\":0,\"publisher\":{\"@id\":\"https:\\\/\\\/joinaresearchstudy.com\\\/#organization\"},\"image\":{\"@id\":\"https:\\\/\\\/joinaresearchstudy.com\\\/2020\\\/06\\\/20\\\/the-sad-truth-about-covid-19-and-schizophrenia\\\/#primaryimage\"},\"thumbnailUrl\":\"https:\\\/\\\/joinaresearchstudy.com\\\/wp-content\\\/uploads\\\/2020\\\/06\\\/MCR_Facebook_Blog-TheSadTruthAboutCOVID19andSchizophrenia_16JUN2020_PM.png\",\"keywords\":[\"Blog\",\"COVID-19\",\"Mental Health\",\"Schizophrenia\"],\"articleSection\":[\"Clinical Trials\",\"COVID-19\",\"Mental Health\",\"Schizophrenia\"],\"inLanguage\":\"es\"},{\"@type\":\"WebPage\",\"@id\":\"https:\\\/\\\/joinaresearchstudy.com\\\/2020\\\/06\\\/20\\\/the-sad-truth-about-covid-19-and-schizophrenia\\\/\",\"url\":\"https:\\\/\\\/joinaresearchstudy.com\\\/2020\\\/06\\\/20\\\/the-sad-truth-about-covid-19-and-schizophrenia\\\/\",\"name\":\"The Sad Truth About COVID-19 and Schizophrenia - Evolution Research Group\",\"isPartOf\":{\"@id\":\"https:\\\/\\\/joinaresearchstudy.com\\\/#website\"},\"primaryImageOfPage\":{\"@id\":\"https:\\\/\\\/joinaresearchstudy.com\\\/2020\\\/06\\\/20\\\/the-sad-truth-about-covid-19-and-schizophrenia\\\/#primaryimage\"},\"image\":{\"@id\":\"https:\\\/\\\/joinaresearchstudy.com\\\/2020\\\/06\\\/20\\\/the-sad-truth-about-covid-19-and-schizophrenia\\\/#primaryimage\"},\"thumbnailUrl\":\"https:\\\/\\\/joinaresearchstudy.com\\\/wp-content\\\/uploads\\\/2020\\\/06\\\/MCR_Facebook_Blog-TheSadTruthAboutCOVID19andSchizophrenia_16JUN2020_PM.png\",\"datePublished\":\"2020-06-20T09:00:00+00:00\",\"dateModified\":\"2020-10-29T02:11:46+00:00\",\"description\":\"Schizophrenia can be unpredictable in the best of times, but COVID-19 comes with a whole new set of risks.\",\"breadcrumb\":{\"@id\":\"https:\\\/\\\/joinaresearchstudy.com\\\/2020\\\/06\\\/20\\\/the-sad-truth-about-covid-19-and-schizophrenia\\\/#breadcrumb\"},\"inLanguage\":\"es\",\"potentialAction\":[{\"@type\":\"ReadAction\",\"target\":[\"https:\\\/\\\/joinaresearchstudy.com\\\/2020\\\/06\\\/20\\\/the-sad-truth-about-covid-19-and-schizophrenia\\\/\"]}]},{\"@type\":\"ImageObject\",\"inLanguage\":\"es\",\"@id\":\"https:\\\/\\\/joinaresearchstudy.com\\\/2020\\\/06\\\/20\\\/the-sad-truth-about-covid-19-and-schizophrenia\\\/#primaryimage\",\"url\":\"https:\\\/\\\/joinaresearchstudy.com\\\/wp-content\\\/uploads\\\/2020\\\/06\\\/MCR_Facebook_Blog-TheSadTruthAboutCOVID19andSchizophrenia_16JUN2020_PM.png\",\"contentUrl\":\"https:\\\/\\\/joinaresearchstudy.com\\\/wp-content\\\/uploads\\\/2020\\\/06\\\/MCR_Facebook_Blog-TheSadTruthAboutCOVID19andSchizophrenia_16JUN2020_PM.png\",\"width\":1200,\"height\":630},{\"@type\":\"BreadcrumbList\",\"@id\":\"https:\\\/\\\/joinaresearchstudy.com\\\/2020\\\/06\\\/20\\\/the-sad-truth-about-covid-19-and-schizophrenia\\\/#breadcrumb\",\"itemListElement\":[{\"@type\":\"ListItem\",\"position\":1,\"name\":\"Home\",\"item\":\"https:\\\/\\\/joinaresearchstudy.com\\\/\"},{\"@type\":\"ListItem\",\"position\":2,\"name\":\"The Sad Truth About COVID-19 and Schizophrenia\"}]},{\"@type\":\"WebSite\",\"@id\":\"https:\\\/\\\/joinaresearchstudy.com\\\/#website\",\"url\":\"https:\\\/\\\/joinaresearchstudy.com\\\/\",\"name\":\"Evolution Research Group\",\"description\":\"Join a Research Study\",\"publisher\":{\"@id\":\"https:\\\/\\\/joinaresearchstudy.com\\\/#organization\"},\"potentialAction\":[{\"@type\":\"SearchAction\",\"target\":{\"@type\":\"EntryPoint\",\"urlTemplate\":\"https:\\\/\\\/joinaresearchstudy.com\\\/?s={search_term_string}\"},\"query-input\":{\"@type\":\"PropertyValueSpecification\",\"valueRequired\":true,\"valueName\":\"search_term_string\"}}],\"inLanguage\":\"es\"},{\"@type\":\"Organization\",\"@id\":\"https:\\\/\\\/joinaresearchstudy.com\\\/#organization\",\"name\":\"Evolution Research Group\",\"url\":\"https:\\\/\\\/joinaresearchstudy.com\\\/\",\"logo\":{\"@type\":\"ImageObject\",\"inLanguage\":\"es\",\"@id\":\"https:\\\/\\\/joinaresearchstudy.com\\\/#\\\/schema\\\/logo\\\/image\\\/\",\"url\":\"https:\\\/\\\/joinaresearchstudy.com\\\/wp-content\\\/uploads\\\/2020\\\/05\\\/ERG-JARS_LOGO.png\",\"contentUrl\":\"https:\\\/\\\/joinaresearchstudy.com\\\/wp-content\\\/uploads\\\/2020\\\/05\\\/ERG-JARS_LOGO.png\",\"width\":587,\"height\":170,\"caption\":\"Evolution Research Group\"},\"image\":{\"@id\":\"https:\\\/\\\/joinaresearchstudy.com\\\/#\\\/schema\\\/logo\\\/image\\\/\"}},{\"@type\":\"Person\",\"@id\":\"https:\\\/\\\/joinaresearchstudy.com\\\/#\\\/schema\\\/person\\\/5487be866dea1466c37d446eaad24331\",\"name\":\"Imagebloom\",\"image\":{\"@type\":\"ImageObject\",\"inLanguage\":\"es\",\"@id\":\"https:\\\/\\\/secure.gravatar.com\\\/avatar\\\/c1143e0c8d8aaf6e97b68245ed35f7cd8cc1fd7a2aeb28dccb6c27b981d5923a?s=96&d=mm&r=g\",\"url\":\"https:\\\/\\\/secure.gravatar.com\\\/avatar\\\/c1143e0c8d8aaf6e97b68245ed35f7cd8cc1fd7a2aeb28dccb6c27b981d5923a?s=96&d=mm&r=g\",\"contentUrl\":\"https:\\\/\\\/secure.gravatar.com\\\/avatar\\\/c1143e0c8d8aaf6e97b68245ed35f7cd8cc1fd7a2aeb28dccb6c27b981d5923a?s=96&d=mm&r=g\",\"caption\":\"Imagebloom\"},\"sameAs\":[\"http:\\\/\\\/jars.wpengine.com\"],\"url\":\"https:\\\/\\\/joinaresearchstudy.com\\\/es\\\/author\\\/admin\\\/\"}]}<\/script>\n<!-- \/ Yoast SEO plugin. -->","yoast_head_json":{"title":"La triste verdad sobre la COVID-19 y la esquizofrenia - Evolution Research Group","description":"La esquizofrenia puede ser impredecible incluso en los mejores casos, pero la COVID-19 conlleva un conjunto completamente nuevo de riesgos.","robots":{"index":"index","follow":"follow","max-snippet":"max-snippet:-1","max-image-preview":"max-image-preview:large","max-video-preview":"max-video-preview:-1"},"canonical":"https:\/\/joinaresearchstudy.com\/es\/2020\/06\/20\/the-sad-truth-about-covid-19-and-schizophrenia\/","og_locale":"es_MX","og_type":"article","og_title":"The Sad Truth About COVID-19 and Schizophrenia - Evolution Research Group","og_description":"Schizophrenia can be unpredictable in the best of times, but COVID-19 comes with a whole new set of risks.","og_url":"https:\/\/joinaresearchstudy.com\/es\/2020\/06\/20\/the-sad-truth-about-covid-19-and-schizophrenia\/","og_site_name":"Evolution Research Group","article_published_time":"2020-06-20T09:00:00+00:00","article_modified_time":"2020-10-29T02:11:46+00:00","og_image":[{"width":1200,"height":630,"url":"https:\/\/joinaresearchstudy.com\/wp-content\/uploads\/2020\/06\/MCR_Facebook_Blog-TheSadTruthAboutCOVID19andSchizophrenia_16JUN2020_PM.png","type":"image\/png"}],"author":"Imagebloom","twitter_card":"summary_large_image","twitter_misc":{"Escrito por":"Imagebloom","Tiempo de lectura":"2 minutos"},"schema":{"@context":"https:\/\/schema.org","@graph":[{"@type":"Article","@id":"https:\/\/joinaresearchstudy.com\/2020\/06\/20\/the-sad-truth-about-covid-19-and-schizophrenia\/#article","isPartOf":{"@id":"https:\/\/joinaresearchstudy.com\/2020\/06\/20\/the-sad-truth-about-covid-19-and-schizophrenia\/"},"author":{"name":"Imagebloom","@id":"https:\/\/joinaresearchstudy.com\/#\/schema\/person\/5487be866dea1466c37d446eaad24331"},"headline":"The Sad Truth About COVID-19 and Schizophrenia","datePublished":"2020-06-20T09:00:00+00:00","dateModified":"2020-10-29T02:11:46+00:00","mainEntityOfPage":{"@id":"https:\/\/joinaresearchstudy.com\/2020\/06\/20\/the-sad-truth-about-covid-19-and-schizophrenia\/"},"wordCount":448,"commentCount":0,"publisher":{"@id":"https:\/\/joinaresearchstudy.com\/#organization"},"image":{"@id":"https:\/\/joinaresearchstudy.com\/2020\/06\/20\/the-sad-truth-about-covid-19-and-schizophrenia\/#primaryimage"},"thumbnailUrl":"https:\/\/joinaresearchstudy.com\/wp-content\/uploads\/2020\/06\/MCR_Facebook_Blog-TheSadTruthAboutCOVID19andSchizophrenia_16JUN2020_PM.png","keywords":["Blog","COVID-19","Mental Health","Schizophrenia"],"articleSection":["Clinical Trials","COVID-19","Mental Health","Schizophrenia"],"inLanguage":"es"},{"@type":"WebPage","@id":"https:\/\/joinaresearchstudy.com\/2020\/06\/20\/the-sad-truth-about-covid-19-and-schizophrenia\/","url":"https:\/\/joinaresearchstudy.com\/2020\/06\/20\/the-sad-truth-about-covid-19-and-schizophrenia\/","name":"La triste verdad sobre la COVID-19 y la esquizofrenia - Evolution Research Group","isPartOf":{"@id":"https:\/\/joinaresearchstudy.com\/#website"},"primaryImageOfPage":{"@id":"https:\/\/joinaresearchstudy.com\/2020\/06\/20\/the-sad-truth-about-covid-19-and-schizophrenia\/#primaryimage"},"image":{"@id":"https:\/\/joinaresearchstudy.com\/2020\/06\/20\/the-sad-truth-about-covid-19-and-schizophrenia\/#primaryimage"},"thumbnailUrl":"https:\/\/joinaresearchstudy.com\/wp-content\/uploads\/2020\/06\/MCR_Facebook_Blog-TheSadTruthAboutCOVID19andSchizophrenia_16JUN2020_PM.png","datePublished":"2020-06-20T09:00:00+00:00","dateModified":"2020-10-29T02:11:46+00:00","description":"La esquizofrenia puede ser impredecible incluso en los mejores casos, pero la COVID-19 conlleva un conjunto completamente nuevo de riesgos.","breadcrumb":{"@id":"https:\/\/joinaresearchstudy.com\/2020\/06\/20\/the-sad-truth-about-covid-19-and-schizophrenia\/#breadcrumb"},"inLanguage":"es","potentialAction":[{"@type":"ReadAction","target":["https:\/\/joinaresearchstudy.com\/2020\/06\/20\/the-sad-truth-about-covid-19-and-schizophrenia\/"]}]},{"@type":"ImageObject","inLanguage":"es","@id":"https:\/\/joinaresearchstudy.com\/2020\/06\/20\/the-sad-truth-about-covid-19-and-schizophrenia\/#primaryimage","url":"https:\/\/joinaresearchstudy.com\/wp-content\/uploads\/2020\/06\/MCR_Facebook_Blog-TheSadTruthAboutCOVID19andSchizophrenia_16JUN2020_PM.png","contentUrl":"https:\/\/joinaresearchstudy.com\/wp-content\/uploads\/2020\/06\/MCR_Facebook_Blog-TheSadTruthAboutCOVID19andSchizophrenia_16JUN2020_PM.png","width":1200,"height":630},{"@type":"BreadcrumbList","@id":"https:\/\/joinaresearchstudy.com\/2020\/06\/20\/the-sad-truth-about-covid-19-and-schizophrenia\/#breadcrumb","itemListElement":[{"@type":"ListItem","position":1,"name":"Home","item":"https:\/\/joinaresearchstudy.com\/"},{"@type":"ListItem","position":2,"name":"The Sad Truth About COVID-19 and Schizophrenia"}]},{"@type":"WebSite","@id":"https:\/\/joinaresearchstudy.com\/#website","url":"https:\/\/joinaresearchstudy.com\/","name":"Grupo de Investigaci\u00f3n de la Evoluci\u00f3n","description":"\u00danase a un estudio de investigaci\u00f3n","publisher":{"@id":"https:\/\/joinaresearchstudy.com\/#organization"},"potentialAction":[{"@type":"SearchAction","target":{"@type":"EntryPoint","urlTemplate":"https:\/\/joinaresearchstudy.com\/?s={search_term_string}"},"query-input":{"@type":"PropertyValueSpecification","valueRequired":true,"valueName":"search_term_string"}}],"inLanguage":"es"},{"@type":"Organization","@id":"https:\/\/joinaresearchstudy.com\/#organization","name":"Grupo de Investigaci\u00f3n de la Evoluci\u00f3n","url":"https:\/\/joinaresearchstudy.com\/","logo":{"@type":"ImageObject","inLanguage":"es","@id":"https:\/\/joinaresearchstudy.com\/#\/schema\/logo\/image\/","url":"https:\/\/joinaresearchstudy.com\/wp-content\/uploads\/2020\/05\/ERG-JARS_LOGO.png","contentUrl":"https:\/\/joinaresearchstudy.com\/wp-content\/uploads\/2020\/05\/ERG-JARS_LOGO.png","width":587,"height":170,"caption":"Evolution Research Group"},"image":{"@id":"https:\/\/joinaresearchstudy.com\/#\/schema\/logo\/image\/"}},{"@type":"Person","@id":"https:\/\/joinaresearchstudy.com\/#\/schema\/person\/5487be866dea1466c37d446eaad24331","name":"Imagebloom","image":{"@type":"ImageObject","inLanguage":"es","@id":"https:\/\/secure.gravatar.com\/avatar\/c1143e0c8d8aaf6e97b68245ed35f7cd8cc1fd7a2aeb28dccb6c27b981d5923a?s=96&d=mm&r=g","url":"https:\/\/secure.gravatar.com\/avatar\/c1143e0c8d8aaf6e97b68245ed35f7cd8cc1fd7a2aeb28dccb6c27b981d5923a?s=96&d=mm&r=g","contentUrl":"https:\/\/secure.gravatar.com\/avatar\/c1143e0c8d8aaf6e97b68245ed35f7cd8cc1fd7a2aeb28dccb6c27b981d5923a?s=96&d=mm&r=g","caption":"Imagebloom"},"sameAs":["http:\/\/jars.wpengine.com"],"url":"https:\/\/joinaresearchstudy.com\/es\/author\/admin\/"}]}},"_links":{"self":[{"href":"https:\/\/joinaresearchstudy.com\/es\/wp-json\/wp\/v2\/posts\/1236","targetHints":{"allow":["GET"]}}],"collection":[{"href":"https:\/\/joinaresearchstudy.com\/es\/wp-json\/wp\/v2\/posts"}],"about":[{"href":"https:\/\/joinaresearchstudy.com\/es\/wp-json\/wp\/v2\/types\/post"}],"author":[{"embeddable":true,"href":"https:\/\/joinaresearchstudy.com\/es\/wp-json\/wp\/v2\/users\/1"}],"replies":[{"embeddable":true,"href":"https:\/\/joinaresearchstudy.com\/es\/wp-json\/wp\/v2\/comments?post=1236"}],"version-history":[{"count":0,"href":"https:\/\/joinaresearchstudy.com\/es\/wp-json\/wp\/v2\/posts\/1236\/revisions"}],"wp:featuredmedia":[{"embeddable":true,"href":"https:\/\/joinaresearchstudy.com\/es\/wp-json\/wp\/v2\/media\/1241"}],"wp:attachment":[{"href":"https:\/\/joinaresearchstudy.com\/es\/wp-json\/wp\/v2\/media?parent=1236"}],"wp:term":[{"taxonomy":"category","embeddable":true,"href":"https:\/\/joinaresearchstudy.com\/es\/wp-json\/wp\/v2\/categories?post=1236"},{"taxonomy":"post_tag","embeddable":true,"href":"https:\/\/joinaresearchstudy.com\/es\/wp-json\/wp\/v2\/tags?post=1236"}],"curies":[{"name":"gracias","href":"https:\/\/api.w.org\/{rel}","templated":true}]}}