{"id":2620,"date":"2021-06-08T15:18:10","date_gmt":"2021-06-08T15:18:10","guid":{"rendered":"https:\/\/joinaresearchstudy.com\/?p=2620"},"modified":"2021-06-08T15:18:12","modified_gmt":"2021-06-08T15:18:12","slug":"advocating-for-adults-with-alzheimers-disease","status":"publish","type":"post","link":"https:\/\/joinaresearchstudy.com\/es\/2021\/06\/08\/advocating-for-adults-with-alzheimers-disease\/","title":{"rendered":"Abogando por los adultos con enfermedad de Alzheimer"},"content":{"rendered":"<p>En el tiempo que lleva completar algunas de estas frases, alguien recibir\u00e1 un diagn\u00f3stico de Alzheimer.\u00a0<a href=\"https:\/\/www.alz.org\/alzheimers-dementia\/facts-figures\" target=\"_blank\" rel=\"noreferrer noopener\">50 millones de personas<\/a>\u00a0En todo el mundo, millones de personas viven con alg\u00fan tipo de demencia. Se espera que esa cifra supere los 82 millones antes de que termine esta d\u00e9cada. Priorizar la concienciaci\u00f3n ya no es una opci\u00f3n. Este mes, en todo el mundo, una mano se une a la otra, uni\u00e9ndose como una sola voz, una sola fuerza para iluminar la oscuridad y defender a las personas afectadas por la enfermedad de Alzheimer.<\/p>\n\n\n\n<h2 class=\"wp-block-heading\"><strong>La conversaci\u00f3n global<\/strong><\/h2>\n\n\n\n<p>El Mes de Concientizaci\u00f3n sobre el Alzheimer y el Cerebro comienza cada junio, impulsando un di\u00e1logo global. Los eventos, el voluntariado y las oportunidades de apoyo, que duran un mes, buscan abordar la creciente epidemia del Alzheimer mediante:<\/p>\n\n\n\n<ul class=\"wp-block-list\"><li><strong><em>Crear conciencia brindando educaci\u00f3n a las comunidades sobre los riesgos y&nbsp;<\/em><\/strong><a href=\"https:\/\/www.nia.nih.gov\/health\/what-are-signs-alzheimers-disease\" target=\"_blank\" rel=\"noreferrer noopener\"><strong><em>signos de Alzheimer<\/em><\/strong><\/a><strong><em>.<\/em><\/strong><\/li><li><strong><em>Recaudar fondos para la investigaci\u00f3n destinada a desarrollar nuevas opciones potenciales para la detecci\u00f3n, el tratamiento y la prevenci\u00f3n de esta enfermedad.<\/em><\/strong><\/li><li><strong><em>Difundir informaci\u00f3n sobre la importancia de la salud cerebral y c\u00f3mo todos podemos reducir nuestro riesgo de deterioro cognitivo y demencia.<\/em><\/strong><\/li><\/ul>\n\n\n\n<div class=\"wp-block-image\"><figure class=\"aligncenter size-large\"><img fetchpriority=\"high\" decoding=\"async\" width=\"600\" height=\"204\" src=\"https:\/\/joinaresearchstudy.com\/wp-content\/uploads\/2021\/06\/AdobeStock_201210614.jpg\" alt=\"Diverse group of men and women\" class=\"wp-image-2623\" srcset=\"https:\/\/joinaresearchstudy.com\/wp-content\/uploads\/2021\/06\/AdobeStock_201210614.jpg 600w, https:\/\/joinaresearchstudy.com\/wp-content\/uploads\/2021\/06\/AdobeStock_201210614-300x102.jpg 300w\" sizes=\"(max-width: 600px) 100vw, 600px\" \/><\/figure><\/div>\n\n\n\n<h2 class=\"wp-block-heading\"><strong>Cuidar tu cerebro ahora te ayudar\u00e1 m\u00e1s adelante.&nbsp;<\/strong><\/h2>\n\n\n\n<p>Visita el&nbsp;<a href=\"https:\/\/www.alz.org\/abam\/overview.asp#takeActionBox\" target=\"_blank\" rel=\"noreferrer noopener\">Asociaci\u00f3n de Alzheimer<\/a>&nbsp;Sitio web para inspirarte sobre c\u00f3mo unirte a la lucha. Adem\u00e1s, empieza a promover tu salud cerebral incorporando algunas de las maneras recomendadas para mantener tu cerebro sano:<\/p>\n\n\n\n<ul class=\"wp-block-list\"><li>Aprende a <strong>manejar el estr\u00e9s<\/strong> y otros factores que promueven la inflamaci\u00f3n cerebral que se ha relacionado con el deterioro cognitivo.&nbsp;&nbsp;<\/li><li>Comer hacia <strong>mejor salud cerebral<\/strong> con una dieta rica en pescado, cereales integrales, verduras de hojas verdes, aceitunas y frutos secos.<\/li><li><strong>Haciendo ejercicio <\/strong>Aumenta el flujo de ox\u00edgeno y sangre al cerebro y a todo el cuerpo. Debes entrenar de intensidad moderada de 3 a 5 veces por semana.<\/li><li><strong>Desaf\u00eda tu cerebro<\/strong> Con rompecabezas u otras actividades que requieran estrategia. \u00a1Aprende una nueva habilidad o idioma, o despierta a tu artista interior y crea algo! Cada una puede tener beneficios para el cerebro a corto y largo plazo.<\/li><li><strong>Ayudando a los dem\u00e1s<\/strong> Se ha demostrado que el voluntariado u otras oportunidades de \u201cpagar por adelantado\u201d mejoran los s\u00edntomas de depresi\u00f3n, reducen la ansiedad y aumentan la confianza.<\/li><\/ul>\n\n\n\n<p><\/p>\n\n\n\n<h2 class=\"wp-block-heading\"><strong>Defensa a trav\u00e9s de la investigaci\u00f3n<\/strong><\/h2>\n\n\n\n<p>Los eventos de recaudaci\u00f3n de fondos que se llevan a cabo este mes se destinan a impulsar los avances m\u00e9dicos y mejorar la atenci\u00f3n de las personas con Alzheimer. Cada donaci\u00f3n es una inversi\u00f3n en futuros estudios de investigaci\u00f3n cl\u00ednica que eval\u00faan la seguridad y la eficacia de estas nuevas opciones. Tambi\u00e9n puede apoyar la salud cerebral y el Alzheimer como voluntario de investigaci\u00f3n cl\u00ednica. Los voluntarios contribuyen al avance de la medicina y dan esperanza a las generaciones futuras.<\/p>\n\n\n\n<div class=\"wp-block-image\"><figure class=\"aligncenter size-medium\"><img decoding=\"async\" width=\"300\" height=\"300\" src=\"https:\/\/joinaresearchstudy.com\/wp-content\/uploads\/2021\/06\/BMR_Instagram_Memory-Loss_12APR2021_AW-1-300x300.png\" alt=\"Repeatedly buying unneeded items at the grocery store may be a sign of memory loss\" class=\"wp-image-2622\" srcset=\"https:\/\/joinaresearchstudy.com\/wp-content\/uploads\/2021\/06\/BMR_Instagram_Memory-Loss_12APR2021_AW-1-300x300.png 300w, https:\/\/joinaresearchstudy.com\/wp-content\/uploads\/2021\/06\/BMR_Instagram_Memory-Loss_12APR2021_AW-1-150x150.png 150w, https:\/\/joinaresearchstudy.com\/wp-content\/uploads\/2021\/06\/BMR_Instagram_Memory-Loss_12APR2021_AW-1.png 600w\" sizes=\"(max-width: 300px) 100vw, 300px\" \/><\/figure><\/div>\n\n\n\n<p>Para obtener m\u00e1s informaci\u00f3n sobre nuestra evaluaci\u00f3n de memoria GRATUITA y los pr\u00f3ximos estudios sobre el Alzheimer y otros trastornos neurol\u00f3gicos aqu\u00ed en Brain Matters Research, ll\u00e1menos hoy al (561) 374-8461 o visite nuestro&nbsp;<a href=\"https:\/\/joinaresearchstudy.com\/es\/our-research-facilities\/brain-matters-research\/studies\/#!\/\" target=\"_blank\" rel=\"noreferrer noopener\">sitio web<\/a>.<\/p>\n\n\n\n<p>Fuentes:<\/p>\n\n\n\n<p><a href=\"https:\/\/www.the-league.org\/news\/june-is-alzheimers-and-brain-awareness-month\">https:\/\/www.the-league.org\/news\/june-is-alzheimers-and-brain-awareness-month<\/a><\/p>\n\n\n\n<p><a href=\"https:\/\/www.3newsnow.com\/news\/local-news\/alzheimers-and-brain-awareness-month-kicks-off\">https:\/\/www.3newsnow.com\/news\/local-news\/alzheimers-and-brain-awareness-month-kicks-off<\/a><\/p>\n\n\n\n<p><a href=\"https:\/\/www.alz.org\/media\/sewi\/documents\/go_purple_in_june_combined_toolkit_(1).pdf\">https:\/\/www.alz.org\/media\/sewi\/documents\/go_purple_in_june_combined_toolkit_(1).pdf<\/a><\/p>","protected":false},"excerpt":{"rendered":"<p>En el tiempo que lleva completar algunas de estas frases, alguien recibir\u00e1 un diagn\u00f3stico de Alzheimer. M\u00e1s de 50 millones de personas en todo el mundo viven con alguna forma de demencia. Se espera que esa cifra aumente a m\u00e1s de 82 millones antes de que termine esta d\u00e9cada. Priorizar la concienciaci\u00f3n ya no es una opci\u00f3n. En todo el mundo, esto \u2026 <\/p>\n<p class=\"read-more-container\"><a title=\"Abogando por los adultos con enfermedad de Alzheimer\" class=\"read-more button\" href=\"https:\/\/joinaresearchstudy.com\/es\/2021\/06\/08\/advocating-for-adults-with-alzheimers-disease\/#more-2620\" aria-label=\"Leer m\u00e1s sobre la defensa de los adultos con enfermedad de Alzheimer\">Leer m\u00e1s<\/a><\/p>","protected":false},"author":1,"featured_media":2624,"comment_status":"closed","ping_status":"closed","sticky":false,"template":"","format":"standard","meta":{"footnotes":""},"categories":[23,8],"tags":[110,29,26],"class_list":["post-2620","post","type-post","status-publish","format-standard","has-post-thumbnail","hentry","category-alzheimers","category-clinical-trials","tag-az-research","tag-clinical-trials","tag-memory-loss","infinite-scroll-item","generate-columns","tablet-grid-50","mobile-grid-100","grid-parent","grid-50"],"yoast_head":"<!-- This site is optimized with the Yoast SEO plugin v27.4 - https:\/\/yoast.com\/product\/yoast-seo-wordpress\/ -->\n<title>Advocating for Adults with Alzheimer&#039;s Disease - Evolution Research Group<\/title>\n<meta name=\"description\" content=\"Across the world this month, one hand joins another, uniting as one voice, one force advocating for those with Alzheimer&#039;s disease.\" \/>\n<meta name=\"robots\" content=\"index, follow, max-snippet:-1, max-image-preview:large, max-video-preview:-1\" \/>\n<link rel=\"canonical\" href=\"https:\/\/joinaresearchstudy.com\/es\/2021\/06\/08\/advocating-for-adults-with-alzheimers-disease\/\" \/>\n<meta property=\"og:locale\" content=\"es_MX\" \/>\n<meta property=\"og:type\" content=\"article\" \/>\n<meta property=\"og:title\" content=\"Advocating for Adults with Alzheimer&#039;s Disease - Evolution Research Group\" \/>\n<meta property=\"og:description\" content=\"Across the world this month, one hand joins another, uniting as one voice, one force advocating for those with Alzheimer&#039;s disease.\" \/>\n<meta property=\"og:url\" content=\"https:\/\/joinaresearchstudy.com\/es\/2021\/06\/08\/advocating-for-adults-with-alzheimers-disease\/\" \/>\n<meta property=\"og:site_name\" content=\"Evolution Research Group\" \/>\n<meta property=\"article:published_time\" content=\"2021-06-08T15:18:10+00:00\" \/>\n<meta property=\"article:modified_time\" content=\"2021-06-08T15:18:12+00:00\" \/>\n<meta property=\"og:image\" content=\"https:\/\/joinaresearchstudy.com\/wp-content\/uploads\/2021\/06\/BMR_Facebook_Blog-Advocating-Alzheimers_07JUN2021-1.png\" \/>\n\t<meta property=\"og:image:width\" content=\"1200\" \/>\n\t<meta property=\"og:image:height\" content=\"630\" \/>\n\t<meta property=\"og:image:type\" content=\"image\/png\" \/>\n<meta name=\"author\" content=\"Imagebloom\" \/>\n<meta name=\"twitter:card\" content=\"summary_large_image\" \/>\n<meta name=\"twitter:label1\" content=\"Escrito por\" \/>\n\t<meta name=\"twitter:data1\" content=\"Imagebloom\" \/>\n\t<meta name=\"twitter:label2\" content=\"Tiempo de lectura\" \/>\n\t<meta name=\"twitter:data2\" content=\"3 minutos\" \/>\n<script type=\"application\/ld+json\" class=\"yoast-schema-graph\">{\"@context\":\"https:\\\/\\\/schema.org\",\"@graph\":[{\"@type\":\"Article\",\"@id\":\"https:\\\/\\\/joinaresearchstudy.com\\\/2021\\\/06\\\/08\\\/advocating-for-adults-with-alzheimers-disease\\\/#article\",\"isPartOf\":{\"@id\":\"https:\\\/\\\/joinaresearchstudy.com\\\/2021\\\/06\\\/08\\\/advocating-for-adults-with-alzheimers-disease\\\/\"},\"author\":{\"name\":\"Imagebloom\",\"@id\":\"https:\\\/\\\/joinaresearchstudy.com\\\/#\\\/schema\\\/person\\\/5487be866dea1466c37d446eaad24331\"},\"headline\":\"Advocating for Adults with Alzheimer&#8217;s Disease\",\"datePublished\":\"2021-06-08T15:18:10+00:00\",\"dateModified\":\"2021-06-08T15:18:12+00:00\",\"mainEntityOfPage\":{\"@id\":\"https:\\\/\\\/joinaresearchstudy.com\\\/2021\\\/06\\\/08\\\/advocating-for-adults-with-alzheimers-disease\\\/\"},\"wordCount\":473,\"publisher\":{\"@id\":\"https:\\\/\\\/joinaresearchstudy.com\\\/#organization\"},\"image\":{\"@id\":\"https:\\\/\\\/joinaresearchstudy.com\\\/2021\\\/06\\\/08\\\/advocating-for-adults-with-alzheimers-disease\\\/#primaryimage\"},\"thumbnailUrl\":\"https:\\\/\\\/joinaresearchstudy.com\\\/wp-content\\\/uploads\\\/2021\\\/06\\\/BMR_Facebook_Blog-Advocating-Alzheimers_07JUN2021-1.png\",\"keywords\":[\"AZ research\",\"clinical trials\",\"Memory Loss\"],\"articleSection\":[\"Alzheimer's\",\"Clinical Trials\"],\"inLanguage\":\"es\"},{\"@type\":\"WebPage\",\"@id\":\"https:\\\/\\\/joinaresearchstudy.com\\\/2021\\\/06\\\/08\\\/advocating-for-adults-with-alzheimers-disease\\\/\",\"url\":\"https:\\\/\\\/joinaresearchstudy.com\\\/2021\\\/06\\\/08\\\/advocating-for-adults-with-alzheimers-disease\\\/\",\"name\":\"Advocating for Adults with Alzheimer's Disease - Evolution Research Group\",\"isPartOf\":{\"@id\":\"https:\\\/\\\/joinaresearchstudy.com\\\/#website\"},\"primaryImageOfPage\":{\"@id\":\"https:\\\/\\\/joinaresearchstudy.com\\\/2021\\\/06\\\/08\\\/advocating-for-adults-with-alzheimers-disease\\\/#primaryimage\"},\"image\":{\"@id\":\"https:\\\/\\\/joinaresearchstudy.com\\\/2021\\\/06\\\/08\\\/advocating-for-adults-with-alzheimers-disease\\\/#primaryimage\"},\"thumbnailUrl\":\"https:\\\/\\\/joinaresearchstudy.com\\\/wp-content\\\/uploads\\\/2021\\\/06\\\/BMR_Facebook_Blog-Advocating-Alzheimers_07JUN2021-1.png\",\"datePublished\":\"2021-06-08T15:18:10+00:00\",\"dateModified\":\"2021-06-08T15:18:12+00:00\",\"description\":\"Across the world this month, one hand joins another, uniting as one voice, one force advocating for those with Alzheimer's disease.\",\"breadcrumb\":{\"@id\":\"https:\\\/\\\/joinaresearchstudy.com\\\/2021\\\/06\\\/08\\\/advocating-for-adults-with-alzheimers-disease\\\/#breadcrumb\"},\"inLanguage\":\"es\",\"potentialAction\":[{\"@type\":\"ReadAction\",\"target\":[\"https:\\\/\\\/joinaresearchstudy.com\\\/2021\\\/06\\\/08\\\/advocating-for-adults-with-alzheimers-disease\\\/\"]}]},{\"@type\":\"ImageObject\",\"inLanguage\":\"es\",\"@id\":\"https:\\\/\\\/joinaresearchstudy.com\\\/2021\\\/06\\\/08\\\/advocating-for-adults-with-alzheimers-disease\\\/#primaryimage\",\"url\":\"https:\\\/\\\/joinaresearchstudy.com\\\/wp-content\\\/uploads\\\/2021\\\/06\\\/BMR_Facebook_Blog-Advocating-Alzheimers_07JUN2021-1.png\",\"contentUrl\":\"https:\\\/\\\/joinaresearchstudy.com\\\/wp-content\\\/uploads\\\/2021\\\/06\\\/BMR_Facebook_Blog-Advocating-Alzheimers_07JUN2021-1.png\",\"width\":1200,\"height\":630,\"caption\":\"Advocating for Adults with Alzheimer's Disease\"},{\"@type\":\"BreadcrumbList\",\"@id\":\"https:\\\/\\\/joinaresearchstudy.com\\\/2021\\\/06\\\/08\\\/advocating-for-adults-with-alzheimers-disease\\\/#breadcrumb\",\"itemListElement\":[{\"@type\":\"ListItem\",\"position\":1,\"name\":\"Home\",\"item\":\"https:\\\/\\\/joinaresearchstudy.com\\\/\"},{\"@type\":\"ListItem\",\"position\":2,\"name\":\"Advocating for Adults with Alzheimer&#8217;s Disease\"}]},{\"@type\":\"WebSite\",\"@id\":\"https:\\\/\\\/joinaresearchstudy.com\\\/#website\",\"url\":\"https:\\\/\\\/joinaresearchstudy.com\\\/\",\"name\":\"Evolution Research Group\",\"description\":\"Join a Research Study\",\"publisher\":{\"@id\":\"https:\\\/\\\/joinaresearchstudy.com\\\/#organization\"},\"potentialAction\":[{\"@type\":\"SearchAction\",\"target\":{\"@type\":\"EntryPoint\",\"urlTemplate\":\"https:\\\/\\\/joinaresearchstudy.com\\\/?s={search_term_string}\"},\"query-input\":{\"@type\":\"PropertyValueSpecification\",\"valueRequired\":true,\"valueName\":\"search_term_string\"}}],\"inLanguage\":\"es\"},{\"@type\":\"Organization\",\"@id\":\"https:\\\/\\\/joinaresearchstudy.com\\\/#organization\",\"name\":\"Evolution Research Group\",\"url\":\"https:\\\/\\\/joinaresearchstudy.com\\\/\",\"logo\":{\"@type\":\"ImageObject\",\"inLanguage\":\"es\",\"@id\":\"https:\\\/\\\/joinaresearchstudy.com\\\/#\\\/schema\\\/logo\\\/image\\\/\",\"url\":\"https:\\\/\\\/joinaresearchstudy.com\\\/wp-content\\\/uploads\\\/2020\\\/05\\\/ERG-JARS_LOGO.png\",\"contentUrl\":\"https:\\\/\\\/joinaresearchstudy.com\\\/wp-content\\\/uploads\\\/2020\\\/05\\\/ERG-JARS_LOGO.png\",\"width\":587,\"height\":170,\"caption\":\"Evolution Research Group\"},\"image\":{\"@id\":\"https:\\\/\\\/joinaresearchstudy.com\\\/#\\\/schema\\\/logo\\\/image\\\/\"}},{\"@type\":\"Person\",\"@id\":\"https:\\\/\\\/joinaresearchstudy.com\\\/#\\\/schema\\\/person\\\/5487be866dea1466c37d446eaad24331\",\"name\":\"Imagebloom\",\"image\":{\"@type\":\"ImageObject\",\"inLanguage\":\"es\",\"@id\":\"https:\\\/\\\/secure.gravatar.com\\\/avatar\\\/c1143e0c8d8aaf6e97b68245ed35f7cd8cc1fd7a2aeb28dccb6c27b981d5923a?s=96&d=mm&r=g\",\"url\":\"https:\\\/\\\/secure.gravatar.com\\\/avatar\\\/c1143e0c8d8aaf6e97b68245ed35f7cd8cc1fd7a2aeb28dccb6c27b981d5923a?s=96&d=mm&r=g\",\"contentUrl\":\"https:\\\/\\\/secure.gravatar.com\\\/avatar\\\/c1143e0c8d8aaf6e97b68245ed35f7cd8cc1fd7a2aeb28dccb6c27b981d5923a?s=96&d=mm&r=g\",\"caption\":\"Imagebloom\"},\"sameAs\":[\"http:\\\/\\\/jars.wpengine.com\"],\"url\":\"https:\\\/\\\/joinaresearchstudy.com\\\/es\\\/author\\\/admin\\\/\"}]}<\/script>\n<!-- \/ Yoast SEO plugin. -->","yoast_head_json":{"title":"Defensa de los adultos con Alzheimer - Evolution Research Group","description":"Este mes, en todo el mundo, una mano se une a otra, uni\u00e9ndose como una sola voz, una fuerza que aboga por quienes padecen la enfermedad de Alzheimer.","robots":{"index":"index","follow":"follow","max-snippet":"max-snippet:-1","max-image-preview":"max-image-preview:large","max-video-preview":"max-video-preview:-1"},"canonical":"https:\/\/joinaresearchstudy.com\/es\/2021\/06\/08\/advocating-for-adults-with-alzheimers-disease\/","og_locale":"es_MX","og_type":"article","og_title":"Advocating for Adults with Alzheimer's Disease - Evolution Research Group","og_description":"Across the world this month, one hand joins another, uniting as one voice, one force advocating for those with Alzheimer's disease.","og_url":"https:\/\/joinaresearchstudy.com\/es\/2021\/06\/08\/advocating-for-adults-with-alzheimers-disease\/","og_site_name":"Evolution Research Group","article_published_time":"2021-06-08T15:18:10+00:00","article_modified_time":"2021-06-08T15:18:12+00:00","og_image":[{"width":1200,"height":630,"url":"https:\/\/joinaresearchstudy.com\/wp-content\/uploads\/2021\/06\/BMR_Facebook_Blog-Advocating-Alzheimers_07JUN2021-1.png","type":"image\/png"}],"author":"Imagebloom","twitter_card":"summary_large_image","twitter_misc":{"Escrito por":"Imagebloom","Tiempo de lectura":"3 minutos"},"schema":{"@context":"https:\/\/schema.org","@graph":[{"@type":"Article","@id":"https:\/\/joinaresearchstudy.com\/2021\/06\/08\/advocating-for-adults-with-alzheimers-disease\/#article","isPartOf":{"@id":"https:\/\/joinaresearchstudy.com\/2021\/06\/08\/advocating-for-adults-with-alzheimers-disease\/"},"author":{"name":"Imagebloom","@id":"https:\/\/joinaresearchstudy.com\/#\/schema\/person\/5487be866dea1466c37d446eaad24331"},"headline":"Advocating for Adults with Alzheimer&#8217;s Disease","datePublished":"2021-06-08T15:18:10+00:00","dateModified":"2021-06-08T15:18:12+00:00","mainEntityOfPage":{"@id":"https:\/\/joinaresearchstudy.com\/2021\/06\/08\/advocating-for-adults-with-alzheimers-disease\/"},"wordCount":473,"publisher":{"@id":"https:\/\/joinaresearchstudy.com\/#organization"},"image":{"@id":"https:\/\/joinaresearchstudy.com\/2021\/06\/08\/advocating-for-adults-with-alzheimers-disease\/#primaryimage"},"thumbnailUrl":"https:\/\/joinaresearchstudy.com\/wp-content\/uploads\/2021\/06\/BMR_Facebook_Blog-Advocating-Alzheimers_07JUN2021-1.png","keywords":["AZ research","clinical trials","Memory Loss"],"articleSection":["Alzheimer's","Clinical Trials"],"inLanguage":"es"},{"@type":"WebPage","@id":"https:\/\/joinaresearchstudy.com\/2021\/06\/08\/advocating-for-adults-with-alzheimers-disease\/","url":"https:\/\/joinaresearchstudy.com\/2021\/06\/08\/advocating-for-adults-with-alzheimers-disease\/","name":"Defensa de los adultos con Alzheimer - Evolution Research Group","isPartOf":{"@id":"https:\/\/joinaresearchstudy.com\/#website"},"primaryImageOfPage":{"@id":"https:\/\/joinaresearchstudy.com\/2021\/06\/08\/advocating-for-adults-with-alzheimers-disease\/#primaryimage"},"image":{"@id":"https:\/\/joinaresearchstudy.com\/2021\/06\/08\/advocating-for-adults-with-alzheimers-disease\/#primaryimage"},"thumbnailUrl":"https:\/\/joinaresearchstudy.com\/wp-content\/uploads\/2021\/06\/BMR_Facebook_Blog-Advocating-Alzheimers_07JUN2021-1.png","datePublished":"2021-06-08T15:18:10+00:00","dateModified":"2021-06-08T15:18:12+00:00","description":"Este mes, en todo el mundo, una mano se une a otra, uni\u00e9ndose como una sola voz, una fuerza que aboga por quienes padecen la enfermedad de Alzheimer.","breadcrumb":{"@id":"https:\/\/joinaresearchstudy.com\/2021\/06\/08\/advocating-for-adults-with-alzheimers-disease\/#breadcrumb"},"inLanguage":"es","potentialAction":[{"@type":"ReadAction","target":["https:\/\/joinaresearchstudy.com\/2021\/06\/08\/advocating-for-adults-with-alzheimers-disease\/"]}]},{"@type":"ImageObject","inLanguage":"es","@id":"https:\/\/joinaresearchstudy.com\/2021\/06\/08\/advocating-for-adults-with-alzheimers-disease\/#primaryimage","url":"https:\/\/joinaresearchstudy.com\/wp-content\/uploads\/2021\/06\/BMR_Facebook_Blog-Advocating-Alzheimers_07JUN2021-1.png","contentUrl":"https:\/\/joinaresearchstudy.com\/wp-content\/uploads\/2021\/06\/BMR_Facebook_Blog-Advocating-Alzheimers_07JUN2021-1.png","width":1200,"height":630,"caption":"Advocating for Adults with Alzheimer's Disease"},{"@type":"BreadcrumbList","@id":"https:\/\/joinaresearchstudy.com\/2021\/06\/08\/advocating-for-adults-with-alzheimers-disease\/#breadcrumb","itemListElement":[{"@type":"ListItem","position":1,"name":"Home","item":"https:\/\/joinaresearchstudy.com\/"},{"@type":"ListItem","position":2,"name":"Advocating for Adults with Alzheimer&#8217;s Disease"}]},{"@type":"WebSite","@id":"https:\/\/joinaresearchstudy.com\/#website","url":"https:\/\/joinaresearchstudy.com\/","name":"Grupo de Investigaci\u00f3n de la Evoluci\u00f3n","description":"\u00danase a un estudio de investigaci\u00f3n","publisher":{"@id":"https:\/\/joinaresearchstudy.com\/#organization"},"potentialAction":[{"@type":"SearchAction","target":{"@type":"EntryPoint","urlTemplate":"https:\/\/joinaresearchstudy.com\/?s={search_term_string}"},"query-input":{"@type":"PropertyValueSpecification","valueRequired":true,"valueName":"search_term_string"}}],"inLanguage":"es"},{"@type":"Organization","@id":"https:\/\/joinaresearchstudy.com\/#organization","name":"Grupo de Investigaci\u00f3n de la Evoluci\u00f3n","url":"https:\/\/joinaresearchstudy.com\/","logo":{"@type":"ImageObject","inLanguage":"es","@id":"https:\/\/joinaresearchstudy.com\/#\/schema\/logo\/image\/","url":"https:\/\/joinaresearchstudy.com\/wp-content\/uploads\/2020\/05\/ERG-JARS_LOGO.png","contentUrl":"https:\/\/joinaresearchstudy.com\/wp-content\/uploads\/2020\/05\/ERG-JARS_LOGO.png","width":587,"height":170,"caption":"Evolution Research Group"},"image":{"@id":"https:\/\/joinaresearchstudy.com\/#\/schema\/logo\/image\/"}},{"@type":"Person","@id":"https:\/\/joinaresearchstudy.com\/#\/schema\/person\/5487be866dea1466c37d446eaad24331","name":"Imagebloom","image":{"@type":"ImageObject","inLanguage":"es","@id":"https:\/\/secure.gravatar.com\/avatar\/c1143e0c8d8aaf6e97b68245ed35f7cd8cc1fd7a2aeb28dccb6c27b981d5923a?s=96&d=mm&r=g","url":"https:\/\/secure.gravatar.com\/avatar\/c1143e0c8d8aaf6e97b68245ed35f7cd8cc1fd7a2aeb28dccb6c27b981d5923a?s=96&d=mm&r=g","contentUrl":"https:\/\/secure.gravatar.com\/avatar\/c1143e0c8d8aaf6e97b68245ed35f7cd8cc1fd7a2aeb28dccb6c27b981d5923a?s=96&d=mm&r=g","caption":"Imagebloom"},"sameAs":["http:\/\/jars.wpengine.com"],"url":"https:\/\/joinaresearchstudy.com\/es\/author\/admin\/"}]}},"_links":{"self":[{"href":"https:\/\/joinaresearchstudy.com\/es\/wp-json\/wp\/v2\/posts\/2620","targetHints":{"allow":["GET"]}}],"collection":[{"href":"https:\/\/joinaresearchstudy.com\/es\/wp-json\/wp\/v2\/posts"}],"about":[{"href":"https:\/\/joinaresearchstudy.com\/es\/wp-json\/wp\/v2\/types\/post"}],"author":[{"embeddable":true,"href":"https:\/\/joinaresearchstudy.com\/es\/wp-json\/wp\/v2\/users\/1"}],"replies":[{"embeddable":true,"href":"https:\/\/joinaresearchstudy.com\/es\/wp-json\/wp\/v2\/comments?post=2620"}],"version-history":[{"count":0,"href":"https:\/\/joinaresearchstudy.com\/es\/wp-json\/wp\/v2\/posts\/2620\/revisions"}],"wp:featuredmedia":[{"embeddable":true,"href":"https:\/\/joinaresearchstudy.com\/es\/wp-json\/wp\/v2\/media\/2624"}],"wp:attachment":[{"href":"https:\/\/joinaresearchstudy.com\/es\/wp-json\/wp\/v2\/media?parent=2620"}],"wp:term":[{"taxonomy":"category","embeddable":true,"href":"https:\/\/joinaresearchstudy.com\/es\/wp-json\/wp\/v2\/categories?post=2620"},{"taxonomy":"post_tag","embeddable":true,"href":"https:\/\/joinaresearchstudy.com\/es\/wp-json\/wp\/v2\/tags?post=2620"}],"curies":[{"name":"gracias","href":"https:\/\/api.w.org\/{rel}","templated":true}]}}